{"id":676,"date":"2012-05-26T20:33:13","date_gmt":"2012-05-26T18:33:13","guid":{"rendered":"https:\/\/tulipemedia.com\/?p=676"},"modified":"2012-05-26T20:33:13","modified_gmt":"2012-05-26T18:33:13","slug":"operazione-eurovision-2012-gestione-della-comunita-anggun","status":"publish","type":"post","link":"https:\/\/tulipemedia.com\/it\/operation-eurovision-2012-anggun-community-management\/","title":{"rendered":"Tutti dietro Anggun per Eurovision 2012: trovatemi sulle piattaforme social di FranceTV"},"content":{"rendered":"<h3 style=\"text-align: center\">Stasera c&#039;\u00e8 la finale dell&#039;Eurovision a Baku e France T\u00e9l\u00e9visions mi offre l&#039;opportunit\u00e0 di essere il community manager dell&#039;evento sulle loro piattaforme social.<\/h3>\n<p><!--more--><br \/>\nIL <strong>Facebook, Twitter, Flickr, Pinterest<\/strong> Di <strong>Televisioni francesi<\/strong> sono tutte piattaforme sulle quali sono stato presente con altri giornalisti e CM dalla seconda met\u00e0 di finale dell&#039;Eurovision per poter <strong>per animare le comunit\u00e0 di FranceTV<\/strong>. Ecco un visual che schematizza grossolanamente il funzionamento, personalmente mi trovo al livello \u201cCM\u201d (Community Manager):<\/p>\n<p style=\"text-align: center\"><a class=\"lightbox\" href=\"https:\/\/tulipemedia.com\/wp-content\/uploads\/2012\/05\/eurofrancetv.png\"><img loading=\"lazy\" decoding=\"async\" class=\"aligncenter size-medium wp-image-679\" title=\"eurofrancetv\" src=\"https:\/\/tulipemedia.com\/wp-content\/uploads\/2012\/05\/eurofrancetv-300x223.png\" alt=\"\" width=\"300\" height=\"223\"><\/a><\/p>\n<p>Sono 26 i paesi che partecipano alla finale dell&#039;Eurovision e quindi conto su di voi <strong>unisciti a noi sui social network<\/strong>, su cui potrete seguire l&#039;evento in diretta con noi:<br \/>\n<strong><a href=\"http:\/\/twitter.com\/francetvdirect\" target=\"_blank\" rel=\"noopener\">@Francetvdirect<\/a><\/strong><br \/>\n<a href=\"http:\/\/twitter.com\/france3tv\/\" target=\"_blank\" rel=\"noopener\"><strong>@France3tv<\/strong><br \/>\n<\/a>-&gt; L&#039;hashtag per seguire l&#039;Eurovision in serata \u00e8 <strong><a href=\"https:\/\/twitter.com\/#!\/search\/realtime\/%23eurofrancetv\" target=\"_blank\" rel=\"noopener\">#eurofrancetv<\/a><\/strong> !<br \/>\n<strong><a href=\"http:\/\/pinterest.com\/Francetv\/eurovisions-2012\/\" target=\"_blank\" rel=\"noopener\">FranceTV Pinterest<br \/>\n<\/a><a href=\"http:\/\/www.youtube.com\/user\/myFrancetv\" target=\"_blank\" rel=\"noopener\">YoutubeMyFranceTV<br \/>\n<\/a><a href=\"https:\/\/www.facebook.com\/france3\" target=\"_blank\" rel=\"noopener\">Pagina Facebook di Francia 3<\/a><\/strong><br \/>\nQuesta operazione \u00e8 una grande opportunit\u00e0 per tutti noi <strong>sostenere Anggun<\/strong>\u00a0e a farla parlare di s\u00e9, lei che per questo ci rappresenta <strong>57a edizione dell&#039;Eurovisione<\/strong>, con il suo pezzo <em><strong><a href=\"http:\/\/www.dailymotion.com\/video\/xpgcrd_anggun-echo-you-and-i-france-official-eurovision-song-contest-2012-clip-officiel-hd_music\" target=\"_blank\" rel=\"noopener\">Io e te<\/a><\/strong><\/em>. Lo spettacolo \u00e8 trasmesso questa sera sul canale France 3 e potete vederlo in streaming sul sito ufficiale di France 3 al seguente indirizzo:\u00a0<strong><a href=\"http:\/\/eurovision.france3.fr\/\" target=\"_blank\" rel=\"noopener\">http:\/\/eurovision.france3.fr\/<\/a><\/strong><br \/>\nArrivederci !<br \/>\nZiZo.<\/p>","protected":false},"excerpt":{"rendered":"<p>Stasera c&#039;\u00e8 la finale dell&#039;Eurovision a Baku e France T\u00e9l\u00e9visions mi offre l&#039;opportunit\u00e0 di essere il community manager dell&#039;evento sulle loro piattaforme social.<\/p>","protected":false},"author":17,"featured_media":677,"comment_status":"open","ping_status":"closed","sticky":false,"template":"","format":"standard","meta":{"footnotes":""},"categories":[17,18],"tags":[],"class_list":["post-676","post","type-post","status-publish","format-standard","has-post-thumbnail","hentry","category-annonces-veille","category-communication"],"_links":{"self":[{"href":"https:\/\/tulipemedia.com\/it\/wp-json\/wp\/v2\/posts\/676","targetHints":{"allow":["GET"]}}],"collection":[{"href":"https:\/\/tulipemedia.com\/it\/wp-json\/wp\/v2\/posts"}],"about":[{"href":"https:\/\/tulipemedia.com\/it\/wp-json\/wp\/v2\/types\/post"}],"author":[{"embeddable":true,"href":"https:\/\/tulipemedia.com\/it\/wp-json\/wp\/v2\/users\/17"}],"replies":[{"embeddable":true,"href":"https:\/\/tulipemedia.com\/it\/wp-json\/wp\/v2\/comments?post=676"}],"version-history":[{"count":0,"href":"https:\/\/tulipemedia.com\/it\/wp-json\/wp\/v2\/posts\/676\/revisions"}],"wp:featuredmedia":[{"embeddable":true,"href":"https:\/\/tulipemedia.com\/it\/wp-json\/wp\/v2\/media\/677"}],"wp:attachment":[{"href":"https:\/\/tulipemedia.com\/it\/wp-json\/wp\/v2\/media?parent=676"}],"wp:term":[{"taxonomy":"category","embeddable":true,"href":"https:\/\/tulipemedia.com\/it\/wp-json\/wp\/v2\/categories?post=676"},{"taxonomy":"post_tag","embeddable":true,"href":"https:\/\/tulipemedia.com\/it\/wp-json\/wp\/v2\/tags?post=676"}],"curies":[{"name":"wp","href":"https:\/\/api.w.org\/{rel}","templated":true}]}}