{"id":614,"date":"2023-11-03T10:31:52","date_gmt":"2023-11-03T09:31:52","guid":{"rendered":"https:\/\/tulipemedia.com\/?p=614"},"modified":"2023-11-03T01:43:44","modified_gmt":"2023-11-03T00:43:44","slug":"metodo-de-definicion-de-estrategia-digital-digital","status":"publish","type":"post","link":"https:\/\/tulipemedia.com\/es\/strategie-digitale-numerique-methode-definition\/","title":{"rendered":"Los 10 puntos claves de tu estrategia digital"},"content":{"rendered":"<p style=\"text-align: justify;\">He aqu\u00ed una posible metodolog\u00eda. <strong>Desarrollo e implementaci\u00f3n<\/strong> de un <strong>estrategia digital<\/strong>, desglosado en 10 puntos principales sobre los que podemos trabajar durante la fase de reflexi\u00f3n previa.<\/p>\n<p style=\"text-align: justify;\">Estos 10 puntos pueden desglosarse f\u00e1cilmente como metodolog\u00eda y, por lo tanto, aplicarse cronol\u00f3gicamente, desde el pensamiento global hasta el pensamiento operativo.<\/p>\n<p style=\"text-align: justify;\"><em>Nota: Este cap\u00edtulo escrito inicialmente en 2012 se volvi\u00f3 a publicar en 2023 y es el segundo de una serie de <strong><a href=\"https:\/\/tulipemedia.com\/es\/cours-initiation-au-management-2-0\/\">curso sobre Gesti\u00f3n 2.0, cuyo resumen se puede encontrar aqu\u00ed<\/a><\/strong>.<\/em><\/p>\n<h2>Estrategia digital: una posible definici\u00f3n<\/h2>\n<p style=\"text-align: justify;\">Empecemos por definir el t\u00e9rmino <strong>\u201cEstrategia digital\u201d<\/strong>. All\u00e1 <strong>estrategia digital<\/strong> entra dentro del alcance de la estrategia general de la empresa, y designa a la <strong>objetivos, metas, visiones, organizaciones y gobierno relacionados con las tecnolog\u00edas digitales y que tienen como objetivo maximizar el desempe\u00f1o comercial de la empresa<\/strong>.<\/p>\n<p style=\"text-align: justify;\">El dise\u00f1o de una estrategia digital potencialmente permite <strong>responder a una innovaci\u00f3n tecnol\u00f3gica, una necesidad del cliente, un deseo de tener una mejor organizaci\u00f3n de la empresa o por supuesto una evoluci\u00f3n de la estrategia de marketing hacia la web<\/strong>.<\/p>\n<p style=\"text-align: justify;\">Son posibles varias metodolog\u00edas para dise\u00f1ar e implementar una estrategia digital. Entre ellos, aqu\u00ed est\u00e1 el m\u00edo, desglosado en 10 puntos clave. No es necesariamente perfecto: podemos inspirarnos en \u00e9l, cuestionarlo o mejorarlo. Pero tiene el m\u00e9rito de partir de la base, es decir de la estrategia general de la empresa, para luego avanzar cada vez m\u00e1s hacia la parte operativa.<\/p>\n<h2>1 \u2013<img loading=\"lazy\" decoding=\"async\" class=\"alignright wp-image-616\" title=\"mezcla de marketing\" src=\"https:\/\/tulipemedia.com\/wp-content\/uploads\/sites\/3\/2012\/03\/marketing-mix-2-300x300.gif\" alt=\"\" width=\"224\" height=\"224\" srcset=\"https:\/\/tulipemedia.com\/wp-content\/uploads\/sites\/3\/2012\/03\/marketing-mix-2-300x300.gif 300w, https:\/\/tulipemedia.com\/wp-content\/uploads\/sites\/3\/2012\/03\/marketing-mix-2-150x150.gif 150w, https:\/\/tulipemedia.com\/wp-content\/uploads\/sites\/3\/2012\/03\/marketing-mix-2-200x200.gif 200w, https:\/\/tulipemedia.com\/wp-content\/uploads\/sites\/3\/2012\/03\/marketing-mix-2-400x400.gif 400w\" sizes=\"auto, (max-width: 224px) 100vw, 224px\" \/> \u00bfCu\u00e1l es la estrategia de marketing actual?<\/h2>\n<p style=\"text-align: justify;\">La respuesta depende del pensamiento llevado a cabo en sentido ascendente para responder al ajuste entre oferta y demanda del mercado en el que opera. <strong>Al redefinir su estrategia de marketing, comienza desde cero<\/strong>.<\/p>\n<h3>La mezcla de marketing<\/h3>\n<p style=\"text-align: justify;\">Una vez que tenga claro lo que respecta a la estrategia general de marketing de la empresa, comience a entrar en m\u00e1s detalles describiendo r\u00e1pidamente su <strong>mix de marketing actual: Producto, Precio, Distribuci\u00f3n y Comunicaci\u00f3n<\/strong>.<\/p>\n<h3>Posicionamiento<\/h3>\n<p style=\"text-align: justify;\">\u00bfEstamos en la estrategia del costo, la diferenciaci\u00f3n o el enfoque? De hecho, dependiendo del posicionamiento que adoptemos al desarrollar nuestra estrategia general, el uso de las tecnolog\u00edas digitales no ser\u00e1 el mismo.<\/p>\n<p style=\"text-align: justify;\">En el caso de un <strong>estrategia de costos<\/strong>, buscaremos <strong>vender nuestros productos o servicios al por mayor<\/strong>, de ah\u00ed un particular uso de la publicidad online y una fuerte necesidad tecnol\u00f3gica en t\u00e9rminos de comercio electr\u00f3nico, log\u00edstica, etc. Ejemplo en restauraci\u00f3n con una marca que busca hacer volumen de entrega, con precios relativamente atractivos, todo ello comunicando de forma muy impactante y divertida. manera en las redes sociales.<\/p>\n<p style=\"text-align: justify;\">En el caso de un <strong>diferenciaci\u00f3n desde arriba<\/strong>, buscaremos <strong>transmitir valores particulares<\/strong> a trav\u00e9s de gr\u00e1ficos atractivos y de alta gama. Siguiendo con el tema de la restauraci\u00f3n, preferir\u00edamos hablar de una marca elitista, con productos buscados y precios elevados, dirigida a una clientela chic.<\/p>\n<p style=\"text-align: justify;\">Finalmente, para el <strong>estrategias de nicho<\/strong>, ser\u00e1 necesario filtrar la publicidad online y hacer funcionar el boca a boca, por ejemplo. Ejemplo: una tienda de alimentaci\u00f3n basada en circuitos cortos o en un concepto de galletas sin gluten.<\/p>\n<h2>2 \u2013 \u00bfCu\u00e1les son nuestros objetivos y c\u00f3mo puede ayudarnos lo digital?<\/h2>\n<h3>Los objetivos<\/h3>\n<p style=\"text-align: justify;\">Antes siquiera de pensar en dise\u00f1ar una estrategia web y m\u00f3vil, la primera pregunta que debes hacerte es: <strong>\u00bfA d\u00f3nde queremos ir?<\/strong> \u00bfCu\u00e1les son nuestros objetivos a medio y largo plazo? \u00bfHa habido un salto tecnol\u00f3gico particular que nos empuje a alinearnos y cambiar la forma en que operamos? \u00bfHay alg\u00fan nuevo mercado en el que nos gustar\u00eda entrar? \u00bfExiste una brecha de distribuci\u00f3n? \u00bfQueremos incrementar nuestras ventas gracias a la web?<\/p>\n<p><img loading=\"lazy\" decoding=\"async\" class=\"aligncenter wp-image-529 size-full\" title=\"Objetivos\" src=\"https:\/\/tulipemedia.com\/wp-content\/uploads\/sites\/3\/2012\/02\/objectifs-2.png\" alt=\"\" width=\"460\" height=\"380\" srcset=\"https:\/\/tulipemedia.com\/wp-content\/uploads\/sites\/3\/2012\/02\/objectifs-2.png 460w, https:\/\/tulipemedia.com\/wp-content\/uploads\/sites\/3\/2012\/02\/objectifs-2-300x248.png 300w, https:\/\/tulipemedia.com\/wp-content\/uploads\/sites\/3\/2012\/02\/objectifs-2-400x330.png 400w\" sizes=\"auto, (max-width: 460px) 100vw, 460px\" \/><\/p>\n<p style=\"text-align: justify;\">Tantas preguntas que se relacionan con la estrategia global de la empresa, con su esencia misma, y que deben ser respondidas. S\u00f3lo despu\u00e9s podremos plantearnos la cuesti\u00f3n del valor de la tecnolog\u00eda digital para lograr nuestros objetivos.<\/p>\n<h3>El impacto potencial de lo digital en relaci\u00f3n con los objetivos<\/h3>\n<p style=\"text-align: justify;\"><strong>\u00bfPueden las Tecnolog\u00edas de la Informaci\u00f3n y las Comunicaciones ayudarnos a conseguir nuestros objetivos?<\/strong> \u00bfSon incluso esenciales? \u00bfNecesitamos alg\u00fan software de ventas en particular para mejorar nuestra gesti\u00f3n de relaciones con los clientes y, por lo tanto, beneficiarnos de un mejor boca a boca?<\/p>\n<p style=\"text-align: justify;\">\u00bfQueremos simplemente apoyo institucional a trav\u00e9s de un sitio de exhibici\u00f3n simple para informar a nuestros clientes y socios?<\/p>\n<p style=\"text-align: justify;\">Una vez que hayamos respondido a estas preguntas, entonces podemos pasar a los siguientes pasos, que consisten en diseccionar la estrategia digital seg\u00fan nuestras necesidades particulares.<\/p>\n<h2>3 \u2013 \u00bfQu\u00e9 es la comunicaci\u00f3n digital de los competidores?<\/h2>\n<p style=\"text-align: justify;\"><img loading=\"lazy\" decoding=\"async\" class=\"wp-image-617 alignleft\" title=\"Evaluaci\u00f3n comparativa\" src=\"https:\/\/tulipemedia.com\/wp-content\/uploads\/sites\/3\/2012\/03\/benchmarking02-2.jpg\" alt=\"\" width=\"130\" height=\"170\">Antes (o despu\u00e9s, dependiendo de c\u00f3mo opere) de enumerar nuestras necesidades, ser\u00eda prudente <strong>mira lo que se est\u00e1 haciendo en otros lados<\/strong>.<\/p>\n<p style=\"text-align: justify;\">Un punto de referencia competitivo puede brindarle mucha informaci\u00f3n sobre <strong>lo que es bueno hacer, pero tambi\u00e9n lo que no funciona.<\/strong><\/p>\n<p style=\"text-align: justify;\">Una vez observada la competencia (en Francia, en el extranjero, en Marte... sea muy abierta), no hay que dudar en mirar lo que se hace en otros sectores que no tienen nada que ver con ella, pero cuyas ideas son potencialmente adaptables. a su campo de actividad.<\/p>\n<p>Os remito a los conceptos de informaci\u00f3n blanca, gris y negra tomados del campo de la Inteligencia Econ\u00f3mica, ya mencionados. <a href=\"https:\/\/tulipemedia.com\/es\/culto-al-negocio-de-carga-de-computadoras\/\">en el art\u00edculo dedicado al s\u00edndrome de carga<\/a>.<\/p>\n<h2>4 \u2013 \u00bfCu\u00e1les son los valores que deseamos transmitir (en la web)?<\/h2>\n<p style=\"text-align: justify;\">Dependiendo directamente del segmento de marketing as\u00ed como del posicionamiento, la elecci\u00f3n de los valores a transmitir es fundamental, porque te orientar\u00e1 en varias cosas, empezando por los medios a utilizar, los gr\u00e1ficos, el tipo de publicidad online.<\/p>\n<h2>5 \u2013 \u00bfQu\u00e9 tipo de dise\u00f1o?<\/h2>\n<p style=\"text-align: justify;\">Dependiendo de los valores a transmitir y de su target definido anteriormente, la carta gr\u00e1fica designa los colores, logotipos, tipograf\u00edas y elementos visuales principales que adornar\u00e1n sus medios digitales. En este sentido os remito a <a href=\"https:\/\/tulipemedia.com\/es\/cartel-impreso-del-sitio-web-de-colores-asociados\/\">mi art\u00edculo sobre la elecci\u00f3n de colores para tu identidad visual<\/a>.<\/p>\n<h2>6 \u2013 \u00bfQu\u00e9 medios de comunicaci\u00f3n y qu\u00e9 tipos de publicidad?<\/h2>\n<p style=\"text-align: justify;\">A partir de los valores y de su marketing mix (comunicaci\u00f3n), la elecci\u00f3n de los medios digitales y el tipo de publicidad difundida es fundamental. Sitio web, p\u00e1gina de Facebook, Instagram, creaci\u00f3n de v\u00eddeos Tiktok o Youtube, aplicaci\u00f3n m\u00f3vil, etc. para los soportes, y publicidad en v\u00eddeo, display, art\u00edculos patrocinados, asociaciones, etc. para la publicidad.<\/p>\n<h2>7 \u2013 \u00bfQu\u00e9 nivel de tecnicismo?<\/h2>\n<p style=\"text-align: justify;\"><img loading=\"lazy\" decoding=\"async\" class=\"alignright wp-image-618 size-thumbnail\" title=\"El c\u00f3digo es el rey\" src=\"https:\/\/tulipemedia.com\/wp-content\/uploads\/sites\/3\/2012\/03\/php_code-2-150x150.jpg\" alt=\"\" width=\"150\" height=\"150\" srcset=\"https:\/\/tulipemedia.com\/wp-content\/uploads\/sites\/3\/2012\/03\/php_code-2-150x150.jpg 150w, https:\/\/tulipemedia.com\/wp-content\/uploads\/sites\/3\/2012\/03\/php_code-2-200x200.jpg 200w\" sizes=\"auto, (max-width: 150px) 100vw, 150px\" \/>es la parte de <strong>desarrollo y programaci\u00f3n<\/strong> que necesitas. El nivel de tecnicismo debe evaluarse en t\u00e9rminos de <strong>HABILIDADES<\/strong> necesario y debe poder ser <strong>cifra<\/strong>.<\/p>\n<p style=\"text-align: justify;\">\u00bfSitio de exhibici\u00f3n simple o espacio colaborativo avanzado? \u00bfComunicaci\u00f3n institucional simple o una gran operaci\u00f3n de marketing que requiere recopilaci\u00f3n y seguimiento de datos? \u00bfComercio electr\u00f3nico o red social? \u00bfSitio web o aplicaci\u00f3n m\u00f3vil?<\/p>\n<p style=\"text-align: justify;\">Recuerda esto:<\/p>\n<blockquote>\n<p style=\"text-align: justify;\"><strong>En la nueva econom\u00eda de Internet, el c\u00f3digo es el rey.<\/strong><\/p>\n<p style=\"text-align: justify;\">Ben Parr \u2013 Emprendedor y periodista.<\/p>\n<\/blockquote>\n<h2>8 \u2013 \u00bfQu\u00e9 tipo de herramientas virales?<\/h2>\n<p style=\"text-align: justify;\"><strong>\u00bfCu\u00e1l es el share viral asignado a su estrategia digital?<\/strong> Dependiendo de los medios utilizados y las operaciones de comunicaci\u00f3n, el objetivo es atraer el m\u00e1ximo n\u00famero de clientes o prospectos. Los concursos, por ejemplo, atraen suscriptores a las redes sociales. Los v\u00eddeos e im\u00e1genes virales generan expectaci\u00f3n. Depende de ti tener imaginaci\u00f3n y hacer que la gente hable de ti, siempre que corresponda a la imagen que te has fijado en t\u00e9rminos de comunicaci\u00f3n.<\/p>\n<h2>9- \u00bfQu\u00e9 presupuesto y recursos humanos?<\/h2>\n<p style=\"text-align: justify;\">cu\u00e1les son los <strong>recursos humanos<\/strong> qui\u00e9nes ser\u00e1n movilizados para <strong>fase operativa de la estrategia digital<\/strong> ?<\/p>\n<p style=\"text-align: justify;\">Tiene a su disposici\u00f3n varias opciones: subcontrataci\u00f3n con una agencia web, desarrolladores aut\u00f3nomos, consultores para una misi\u00f3n de varios meses o internalizaci\u00f3n mediante la contrataci\u00f3n de dise\u00f1adores gr\u00e1ficos, programadores, integradores y directores de proyectos. Pero tenga cuidado con los efectos de agencia, ya discutidos en <a href=\"https:\/\/tulipemedia.com\/es\/e-business-agencia-relacion-subcontratacion-subcontratacion\/\">mi art\u00edculo sobre los riesgos asociados con la subcontrataci\u00f3n<\/a>.<\/p>\n<p style=\"text-align: justify;\">Finalmente, ser\u00e1 necesario establecer un <strong>presupuesto preciso<\/strong> y a partir de ello distribuirlo en las diferentes fases (creaci\u00f3n de la carta gr\u00e1fica, subcontrataci\u00f3n, desarrollo de aplicaciones para iPad, etc.).<\/p>\n<h2>10 \u2013 \u00bfQu\u00e9 medios de seguimiento y an\u00e1lisis?<\/h2>\n<p style=\"text-align: justify;\">Durante la fase de reflexi\u00f3n, es necesario planificar la <strong>herramientas estad\u00edsticas<\/strong> y los <strong>recursos humanos<\/strong> quienes ser\u00e1n movilizados para el seguimiento y las correcciones incrementales que se deben realizar en su estrategia digital, as\u00ed como para el c\u00e1lculo a largo plazo del retorno de la inversi\u00f3n.<\/p>\n<h2>Conclusi\u00f3n<\/h2>\n<p style=\"text-align: justify;\">Para ser claros, desarrollar una estrategia digital requiere <strong>una fase muy grande de reflexi\u00f3n<\/strong>, que apela a la esencia misma de la empresa (productos y servicios vendidos, target de marketing, mercados, etc.), tras lo cual <strong>el desarrollo debe poder ser seguido, cuantificado y rectificado<\/strong> de acuerdo con la <strong>la llamada estrategia \u201cemergente\u201d<\/strong>, compuesto por nuevos objetivos integrados a lo largo del camino.<\/p>\n<p>Este contenido me lleg\u00f3 especialmente al coraz\u00f3n porque uno de los principales errores que comet\u00ed durante mi carrera como emprendedor fue subestimar esta fase de reflexi\u00f3n y formalizaci\u00f3n, y apresurarme a convencerme de que el objetivo de los proyectos que lideraba ser\u00eda se reconocen naturalmente. Sin embargo, un proyecto mal formulado y mal comunicado rara vez permite llegar a sus clientes\u2026<\/p>\n<p><em>Si te gust\u00f3 este art\u00edculo, o si te ense\u00f1\u00f3 algo, no dudes en compartirlo en las redes sociales. \u00a1Y no dudes en responder en los comentarios!<\/em><\/p>\n<p style=\"text-align: justify;\"><a href=\"https:\/\/tulipemedia.com\/es\/los-6-pasos-para-lanzar-un-proyecto\/\"><strong><em>Cap\u00edtulo 3: Las 6 etapas del lanzamiento de un proyecto \u00bb<\/em><\/strong><\/a><\/p>\n<p style=\"text-align: justify;\"><em><a href=\"https:\/\/tulipemedia.com\/es\/10-cambios-en-la-gestion-y-la-contratacion\/\">\u00ab Cap\u00edtulo 1: Los 10 cambios en la gesti\u00f3n y la contrataci\u00f3n<\/a><\/em><\/p>","protected":false},"excerpt":{"rendered":"<p>Voici une m\u00e9thodologie possible d&rsquo;\u00e9laboration et de mise en place d&rsquo;une strat\u00e9gie digitale, d\u00e9clin\u00e9e en 10 points majeurs sur lesquels on peut plancher lors de la phase de r\u00e9flexion amont. Ces 10 points peuvent ais\u00e9ment se d\u00e9cliner comme une m\u00e9thodologie, et \u00eatre appliqu\u00e9s par cons\u00e9quent de mani\u00e8re chronologique, de la r\u00e9flexion globale \u00e0 la r\u00e9flexion [&hellip;]<\/p>\n","protected":false},"author":17,"featured_media":615,"comment_status":"open","ping_status":"closed","sticky":false,"template":"","format":"standard","meta":{"footnotes":""},"categories":[18],"tags":[],"class_list":["post-614","post","type-post","status-publish","format-standard","has-post-thumbnail","hentry","category-communication"],"_links":{"self":[{"href":"https:\/\/tulipemedia.com\/es\/wp-json\/wp\/v2\/posts\/614","targetHints":{"allow":["GET"]}}],"collection":[{"href":"https:\/\/tulipemedia.com\/es\/wp-json\/wp\/v2\/posts"}],"about":[{"href":"https:\/\/tulipemedia.com\/es\/wp-json\/wp\/v2\/types\/post"}],"author":[{"embeddable":true,"href":"https:\/\/tulipemedia.com\/es\/wp-json\/wp\/v2\/users\/17"}],"replies":[{"embeddable":true,"href":"https:\/\/tulipemedia.com\/es\/wp-json\/wp\/v2\/comments?post=614"}],"version-history":[{"count":2,"href":"https:\/\/tulipemedia.com\/es\/wp-json\/wp\/v2\/posts\/614\/revisions"}],"predecessor-version":[{"id":4232,"href":"https:\/\/tulipemedia.com\/es\/wp-json\/wp\/v2\/posts\/614\/revisions\/4232"}],"wp:featuredmedia":[{"embeddable":true,"href":"https:\/\/tulipemedia.com\/es\/wp-json\/wp\/v2\/media\/615"}],"wp:attachment":[{"href":"https:\/\/tulipemedia.com\/es\/wp-json\/wp\/v2\/media?parent=614"}],"wp:term":[{"taxonomy":"category","embeddable":true,"href":"https:\/\/tulipemedia.com\/es\/wp-json\/wp\/v2\/categories?post=614"},{"taxonomy":"post_tag","embeddable":true,"href":"https:\/\/tulipemedia.com\/es\/wp-json\/wp\/v2\/tags?post=614"}],"curies":[{"name":"gracias","href":"https:\/\/api.w.org\/{rel}","templated":true}]}}