{"id":676,"date":"2012-05-26T20:33:13","date_gmt":"2012-05-26T18:33:13","guid":{"rendered":"https:\/\/tulipemedia.com\/?p=676"},"modified":"2012-05-26T20:33:13","modified_gmt":"2012-05-26T18:33:13","slug":"operation-eurovision-2012-anggun-community-management","status":"publish","type":"post","link":"https:\/\/tulipemedia.com\/de\/operation-eurovision-2012-anggun-community-management\/","title":{"rendered":"Alle stehen hinter Anggun f\u00fcr Eurovision 2012: Finden Sie mich auf den sozialen Plattformen von FranceTV"},"content":{"rendered":"<h3 style=\"text-align: center\">Heute Abend ist das Eurovision-Finale in Baku und France T\u00e9l\u00e9visions bietet mir die M\u00f6glichkeit, auf seinen sozialen Plattformen als Community-Manager der Veranstaltung zu fungieren.<\/h3>\n<p><!--more--><br \/>\nDER <strong>Facebook, Twitter, Flickr, Pinterest<\/strong> von <strong>Frankreich-Fernseher<\/strong> sind alles Plattformen, auf denen ich mit anderen Journalisten und CM seit dem zweiten Halbfinale des Eurovision Song Contest pr\u00e4sent bin, um zu helfen <strong>um die FranceTV-Communitys zu animieren<\/strong>. Hier ist ein Bild, das den Vorgang grob schematisch darstellt. Ich pers\u00f6nlich befinde mich auf der \u201eCM\u201c-Ebene (Community Manager):<\/p>\n<p style=\"text-align: center\"><a class=\"lightbox\" href=\"https:\/\/tulipemedia.com\/wp-content\/uploads\/2012\/05\/eurofrancetv.png\"><img loading=\"lazy\" decoding=\"async\" class=\"aligncenter size-medium wp-image-679\" title=\"eurofrancetv\" src=\"https:\/\/tulipemedia.com\/wp-content\/uploads\/2012\/05\/eurofrancetv-300x223.png\" alt=\"\" width=\"300\" height=\"223\"><\/a><\/p>\n<p>26 L\u00e4nder nehmen an diesem Eurovision-Finale teil, und deshalb z\u00e4hle ich auf Sie <strong>Treten Sie uns in den sozialen Netzwerken bei<\/strong>, auf dem Sie die Veranstaltung live mit uns verfolgen k\u00f6nnen:<br \/>\n<strong><a href=\"http:\/\/twitter.com\/francetvdirect\" target=\"_blank\" rel=\"noopener\">@Francetvdirect<\/a><\/strong><br \/>\n<a href=\"http:\/\/twitter.com\/france3tv\/\" target=\"_blank\" rel=\"noopener\"><strong>@France3tv<\/strong><br \/>\n<\/a>-&gt; Der Hashtag, um Eurovision im Laufe des Abends zu verfolgen, lautet <strong><a href=\"https:\/\/twitter.com\/#!\/search\/realtime\/%23eurofrancetv\" target=\"_blank\" rel=\"noopener\">#eurofrancetv<\/a><\/strong> !<br \/>\n<strong><a href=\"http:\/\/pinterest.com\/Francetv\/eurovisions-2012\/\" target=\"_blank\" rel=\"noopener\">FranceTV Pinterest<br \/>\n<\/a><a href=\"http:\/\/www.youtube.com\/user\/myFrancetv\" target=\"_blank\" rel=\"noopener\">Youtube MyFranceTV<br \/>\n<\/a><a href=\"https:\/\/www.facebook.com\/france3\" target=\"_blank\" rel=\"noopener\">Frankreich 3 Facebook-Seite<\/a><\/strong><br \/>\nDiese Operation ist eine gro\u00dfartige Gelegenheit f\u00fcr uns alle <strong>Unterst\u00fctzen Sie Anggun<\/strong>\u00a0und um sie zum Staunen zu bringen, sie, die uns daf\u00fcr vertritt <strong>57. Ausgabe des Eurovision Song Contest<\/strong>, mit seinem St\u00fcck <em><strong><a href=\"http:\/\/www.dailymotion.com\/video\/xpgcrd_anggun-echo-you-and-i-france-official-eurovision-song-contest-2012-clip-officiel-hd_music\" target=\"_blank\" rel=\"noopener\">Du und ich<\/a><\/strong><\/em>. Die Sendung wird heute Abend auf dem Sender France 3 ausgestrahlt und Sie k\u00f6nnen sie im Streaming auf der offiziellen Website von France 3 unter der folgenden Adresse ansehen:\u00a0<strong><a href=\"http:\/\/eurovision.france3.fr\/\" target=\"_blank\" rel=\"noopener\">http:\/\/eurovision.france3.fr\/<\/a><\/strong><br \/>\nBis bald !<br \/>\nZiZo.<\/p>","protected":false},"excerpt":{"rendered":"<p>Heute Abend ist das Eurovision-Finale in Baku und France T\u00e9l\u00e9visions bietet mir die M\u00f6glichkeit, auf seinen sozialen Plattformen als Community-Manager der Veranstaltung zu fungieren.<\/p>","protected":false},"author":17,"featured_media":677,"comment_status":"open","ping_status":"closed","sticky":false,"template":"","format":"standard","meta":{"footnotes":""},"categories":[17,18],"tags":[],"class_list":["post-676","post","type-post","status-publish","format-standard","has-post-thumbnail","hentry","category-annonces-veille","category-communication"],"_links":{"self":[{"href":"https:\/\/tulipemedia.com\/de\/wp-json\/wp\/v2\/posts\/676","targetHints":{"allow":["GET"]}}],"collection":[{"href":"https:\/\/tulipemedia.com\/de\/wp-json\/wp\/v2\/posts"}],"about":[{"href":"https:\/\/tulipemedia.com\/de\/wp-json\/wp\/v2\/types\/post"}],"author":[{"embeddable":true,"href":"https:\/\/tulipemedia.com\/de\/wp-json\/wp\/v2\/users\/17"}],"replies":[{"embeddable":true,"href":"https:\/\/tulipemedia.com\/de\/wp-json\/wp\/v2\/comments?post=676"}],"version-history":[{"count":0,"href":"https:\/\/tulipemedia.com\/de\/wp-json\/wp\/v2\/posts\/676\/revisions"}],"wp:featuredmedia":[{"embeddable":true,"href":"https:\/\/tulipemedia.com\/de\/wp-json\/wp\/v2\/media\/677"}],"wp:attachment":[{"href":"https:\/\/tulipemedia.com\/de\/wp-json\/wp\/v2\/media?parent=676"}],"wp:term":[{"taxonomy":"category","embeddable":true,"href":"https:\/\/tulipemedia.com\/de\/wp-json\/wp\/v2\/categories?post=676"},{"taxonomy":"post_tag","embeddable":true,"href":"https:\/\/tulipemedia.com\/de\/wp-json\/wp\/v2\/tags?post=676"}],"curies":[{"name":"wp","href":"https:\/\/api.w.org\/{rel}","templated":true}]}}